{"id":18,"date":"2025-01-25T00:00:00","date_gmt":"2025-01-25T00:00:00","guid":{"rendered":"https:\/\/rolf-thalmann.de\/?p=18"},"modified":"2025-06-04T10:55:17","modified_gmt":"2025-06-04T09:55:17","slug":"regard-sur-la-mode-ethique-quest-ce-qui-est-a-la-mode-aujourdhui","status":"publish","type":"post","link":"https:\/\/rolf-thalmann.de\/ro\/regard-sur-la-mode-ethique-quest-ce-qui-est-a-la-mode-aujourdhui\/","title":{"rendered":"O privire asupra modei etice: Ce este la mod\u0103 ast\u0103zi?"},"content":{"rendered":"<div class=\"kk-star-ratings kksr-auto kksr-align-left kksr-valign-top\"\n    data-payload='{&quot;align&quot;:&quot;left&quot;,&quot;id&quot;:&quot;18&quot;,&quot;slug&quot;:&quot;default&quot;,&quot;valign&quot;:&quot;top&quot;,&quot;ignore&quot;:&quot;&quot;,&quot;reference&quot;:&quot;auto&quot;,&quot;class&quot;:&quot;&quot;,&quot;count&quot;:&quot;0&quot;,&quot;legendonly&quot;:&quot;&quot;,&quot;readonly&quot;:&quot;&quot;,&quot;score&quot;:&quot;0&quot;,&quot;starsonly&quot;:&quot;&quot;,&quot;best&quot;:&quot;5&quot;,&quot;gap&quot;:&quot;5&quot;,&quot;greet&quot;:&quot;Rate this post&quot;,&quot;legend&quot;:&quot;0\\\/5 - (0 votes)&quot;,&quot;size&quot;:&quot;24&quot;,&quot;title&quot;:&quot;Regard sur la mode \u00e9thique: Qu\\u0026#039;est-ce qui est \u00e0 la mode aujourd\\u0026#039;hui?&quot;,&quot;width&quot;:&quot;0&quot;,&quot;_legend&quot;:&quot;{score}\\\/{best} - ({count} {votes})&quot;,&quot;font_factor&quot;:&quot;1.25&quot;}'>\n            \n<div class=\"kksr-stars\">\n    \n<div class=\"kksr-stars-inactive\">\n            <div class=\"kksr-star\" data-star=\"1\" style=\"padding-right: 5px\">\n            \n\n<div class=\"kksr-icon\" style=\"width: 24px; height: 24px;\"><\/div>\n        <\/div>\n            <div class=\"kksr-star\" data-star=\"2\" style=\"padding-right: 5px\">\n            \n\n<div class=\"kksr-icon\" style=\"width: 24px; height: 24px;\"><\/div>\n        <\/div>\n            <div class=\"kksr-star\" data-star=\"3\" style=\"padding-right: 5px\">\n            \n\n<div class=\"kksr-icon\" style=\"width: 24px; height: 24px;\"><\/div>\n        <\/div>\n            <div class=\"kksr-star\" data-star=\"4\" style=\"padding-right: 5px\">\n            \n\n<div class=\"kksr-icon\" style=\"width: 24px; height: 24px;\"><\/div>\n        <\/div>\n            <div class=\"kksr-star\" data-star=\"5\" style=\"padding-right: 5px\">\n            \n\n<div class=\"kksr-icon\" style=\"width: 24px; height: 24px;\"><\/div>\n        <\/div>\n    <\/div>\n    \n<div class=\"kksr-stars-active\" style=\"width: 0px;\">\n            <div class=\"kksr-star\" style=\"padding-right: 5px\">\n            \n\n<div class=\"kksr-icon\" style=\"width: 24px; height: 24px;\"><\/div>\n        <\/div>\n            <div class=\"kksr-star\" style=\"padding-right: 5px\">\n            \n\n<div class=\"kksr-icon\" style=\"width: 24px; height: 24px;\"><\/div>\n        <\/div>\n            <div class=\"kksr-star\" style=\"padding-right: 5px\">\n            \n\n<div class=\"kksr-icon\" style=\"width: 24px; height: 24px;\"><\/div>\n        <\/div>\n            <div class=\"kksr-star\" style=\"padding-right: 5px\">\n            \n\n<div class=\"kksr-icon\" style=\"width: 24px; height: 24px;\"><\/div>\n        <\/div>\n            <div class=\"kksr-star\" style=\"padding-right: 5px\">\n            \n\n<div class=\"kksr-icon\" style=\"width: 24px; height: 24px;\"><\/div>\n        <\/div>\n    <\/div>\n<\/div>\n                \n\n<div class=\"kksr-legend\" style=\"font-size: 19.2px;\">\n            <span class=\"kksr-muted\">Evalueaz\u0103 aceast\u0103 postare<\/span>\n    <\/div>\n    <\/div>\n<p>Moda etic\u0103 nu este doar un concept abstract. Ast\u0103zi, ea reprezint\u0103 un r\u0103spuns real la problemele de mediu \u0219i sociale cu care se confrunt\u0103 societatea noastr\u0103. Odat\u0103 cu cre\u0219terea gradului de con\u0219tientizare a consumatorilor, brandurile sunt obligate s\u0103 \u00ee\u0219i adapteze practicile. \u00cen centrul acestei mi\u0219c\u0103ri se afl\u0103 alegerile informate care influen\u021beaz\u0103 moda \u0219i consumul. <a href=\"https:\/\/rolf-thalmann.de\/ro\/\">Cump\u0103ra<\/a> \u00cembr\u0103c\u0103mintea etic\u0103 devine o modalitate de a-\u021bi afirma valorile. Dar ce se afl\u0103 de fapt \u00een spatele acestei tendin\u021be?<\/p>\n<h2>Principiile fundamentale ale modei etice<\/h2>\n<p><img decoding=\"async\" src=\"https:\/\/rolf-thalmann.de\/wp-content\/uploads\/2025\/01\/image62474c1366e14f798fb5c731d72dca3d.png\" alt=\"Tissu textur\u00e9 de couleur cr\u00e8me, l\u00e9g\u00e8rement froiss\u00e9, capturant la lumi\u00e8re douce sur sa surface.\" \/><\/p>\n<p>\u00cen lumea modei etice, ies \u00een eviden\u021b\u0103 c\u00e2teva principii. Aceste principii ghideaz\u0103 crearea \u0219i consumul de \u00eembr\u0103c\u0103minte \u00eentr-un mod mai ecologic. Primul concept este transparen\u021ba. Brandurile trebuie s\u0103 ofere informa\u021bii clare despre metodele lor de produc\u021bie.<\/p>\n<p>\u00cen continuare, sustenabilitatea este esen\u021bial\u0103. Aceasta implic\u0103 nu doar utilizarea materialelor ecologice, ci \u0219i promovarea unei mode atemporale care rezist\u0103 tendin\u021belor trec\u0103toare. Iat\u0103 c\u00e2teva valori cheie asociate cu moda etic\u0103:<\/p>\n<ul>\n<li>Transparen\u021b\u0103 \u00een lan\u021bul de aprovizionare<\/li>\n<li>Utilizarea materiilor prime sustenabile<\/li>\n<li>Condi\u021bii de munc\u0103 echitabile pentru lucr\u0103tori<\/li>\n<\/ul>\n<h2>Principalele tendin\u021be \u00een moda etic\u0103 de ast\u0103zi<\/h2>\n<p><img decoding=\"async\" src=\"https:\/\/rolf-thalmann.de\/wp-content\/uploads\/2025\/01\/image642f8defa21b453282f8567c2859c9c5.png\" alt=\"Une femme souriante examine une robe color\u00e9e dans un atelier de couture, entour\u00e9e de tissus vari\u00e9s.\" \/><\/p>\n<p>Ast\u0103zi, observ\u0103m mai multe tendin\u021be care modeleaz\u0103 peisajul modei etice. Prima este cre\u0219terea recicl\u0103rii \u0219i a recicl\u0103rii creative (upcycling). Multe branduri inoveaz\u0103 prin reimaginarea materialelor existente pentru a crea piese complet noi. Designerii se inspir\u0103 din trecut pentru a crea articole vestimentare unice, satisf\u0103c\u00e2nd cererea tot mai mare de individualitate. Reciclarea creativ\u0103 ajut\u0103, de asemenea, la reducerea de\u0219eurilor textile, o provocare major\u0103 a timpului nostru.<\/p>\n<p>\u00cen continuare, materialele organice \u0219i ecologice sunt \u00een centrul aten\u021biei. Materiale precum bumbacul organic, inul \u0219i Tencel nu sunt doar la mod\u0103, ci \u0219i benefice pentru mediu. Aceste materiale ofer\u0103 o alternativ\u0103 viabil\u0103 materialelor sintetice, care sunt adesea d\u0103un\u0103toare. S\u0103 explor\u0103m c\u00e2teva tipuri de materiale etice:<\/p>\n<table border=\"1\">\n<tbody>\n<tr>\n<th>Tipul de material<\/th>\n<th>Caracteristici<\/th>\n<th>Impactul asupra mediului<\/th>\n<\/tr>\n<tr>\n<td>Bumbac organic<\/td>\n<td>F\u0103r\u0103 pesticide, cultivat natural<\/td>\n<td>Reduce poluarea apei<\/td>\n<\/tr>\n<tr>\n<td>Lenjerie<\/td>\n<td>Ecologic, necesit\u0103 pu\u021bin\u0103 ap\u0103<\/td>\n<td>Regenerabil \u0219i biodegradabil<\/td>\n<\/tr>\n<tr>\n<td>Tencel<\/td>\n<td>Fibre derivate din pulpa de eucalipt<\/td>\n<td>Consum redus de ap\u0103<\/td>\n<\/tr>\n<\/tbody>\n<\/table>\n<h2>Actori cheie \u00een moda etic\u0103<\/h2>\n<p>\u00cen lumea modei etice, apar mai mul\u021bi juc\u0103tori cu oferte puternice \u0219i inovatoare. Branduri emergente, adesea mai sensibile la problemele contemporane, preiau controlul de la gigan\u021bii industriei. Acestea pun accent pe m\u0103iestria local\u0103, transparen\u021ba \u0219i practicile sustenabile. Aceste branduri nu sunt doar afaceri noi, ci \u00eentruchipeaz\u0103 o viziune asupra viitorului \u00een care etica are un cuv\u00e2nt de spus.<\/p>\n<p>Ini\u021biativele de colaborare joac\u0103, de asemenea, un rol crucial. Multe branduri \u00ee\u0219i unesc for\u021bele pentru a \u00eencuraja practici mai bune \u0219i a cre\u0219te gradul de con\u0219tientizare a consumatorilor. Aceste eforturi comune pot transforma cu adev\u0103rat industria modei prin \u00eencurajarea schimbului de bune practici. Iat\u0103 c\u00e2teva exemple de ini\u021biative semnificative:<\/p>\n<ul>\n<li>Colaborare \u00eentre branduri pentru colec\u021bii capsul\u0103 etice<\/li>\n<li>Ateliere despre sustenabilitate \u0219i etic\u0103 \u00een mod\u0103<\/li>\n<li>Proiecte de con\u0219tientizare a de\u0219eurilor textile<\/li>\n<\/ul>\n<h2>Concluzie<\/h2>\n<p>\u00cen aceste multiple dimensiuni, moda etic\u0103 se dovede\u0219te a fi mult mai mult dec\u00e2t o simpl\u0103 tendin\u021b\u0103. Reprezint\u0103 o schimbare fundamental\u0103 care redefine\u0219te comportamentul nostru de consum. Alegerea hainelor etice \u00eenseamn\u0103 participarea activ\u0103 la o lupt\u0103 global\u0103 pentru un viitor mai bun. Prin angajamentul fa\u021b\u0103 de achizi\u021biile responsabile, consumatorii, brandurile \u0219i \u00eentreaga industrie a modei se \u00eendreapt\u0103 spre o transformare pozitiv\u0103.<\/p>\n<h2>\u00centreb\u0103ri frecvente<\/h2>\n<ul>\n<li><strong>Ce este moda etic\u0103?<\/strong> Moda etic\u0103 se refer\u0103 la practici responsabile \u00een produc\u021bia \u0219i consumul de \u00eembr\u0103c\u0103minte, axate pe respectarea mediului \u0219i a drepturilor lucr\u0103torilor.<\/li>\n<li><strong>De ce este important s\u0103 alegi moda etic\u0103?<\/strong> Alegerea modei etice ajut\u0103 la sus\u021binerea practicilor sustenabile care protejeaz\u0103 mediul \u00eenconjur\u0103tor \u0219i asigur\u0103 condi\u021bii de munc\u0103 echitabile.<\/li>\n<li><strong>Cum s\u0103 recuno\u0219ti un brand etic?<\/strong> Un brand etic se distinge prin transparen\u021ba lan\u021bului s\u0103u de aprovizionare, utilizarea materialelor sustenabile \u0219i angajamentul s\u0103u fa\u021b\u0103 de bun\u0103starea angaja\u021bilor.<\/li>\n<li><strong>Este moda etic\u0103 mai scump\u0103?<\/strong> De\u0219i unele haine etice pot avea un cost ini\u021bial mai mare, acestea sunt adesea mai durabile, oferind o calitate mai bun\u0103 \u0219i o longevitate crescut\u0103.<\/li>\n<\/ul>","protected":false},"excerpt":{"rendered":"<p>Moda etic\u0103 nu este doar un concept abstract. Ast\u0103zi, ea reprezint\u0103 un r\u0103spuns real la problemele de mediu \u0219i<\/p>","protected":false},"author":2,"featured_media":6,"comment_status":"open","ping_status":"open","sticky":false,"template":"","format":"standard","meta":{"_acf_changed":false,"footnotes":""},"categories":[1,2],"tags":[],"class_list":["post-18","post","type-post","status-publish","format-standard","has-post-thumbnail","hentry","category-blog","category-vetements-detente"],"acf":[],"yoast_head":"<!-- This site is optimized with the Yoast SEO plugin v23.2 - https:\/\/yoast.com\/wordpress\/plugins\/seo\/ -->\n<title>Regard sur la mode \u00e9thique : D\u00e9couvrez les tendances et valeurs qui red\u00e9finissent notre consommation<\/title>\n<meta name=\"description\" content=\"Explorez la mode \u00e9thique, ses tendances modernes et ses principes cl\u00e9s pour une consommation responsable et durable.\" \/>\n<meta name=\"robots\" content=\"index, follow, max-snippet:-1, max-image-preview:large, max-video-preview:-1\" \/>\n<link rel=\"canonical\" href=\"https:\/\/rolf-thalmann.de\/ro\/regard-sur-la-mode-ethique-quest-ce-qui-est-a-la-mode-aujourdhui\/\" \/>\n<meta property=\"og:locale\" content=\"ro_RO\" \/>\n<meta property=\"og:type\" content=\"article\" \/>\n<meta property=\"og:title\" content=\"Regard sur la mode \u00e9thique : D\u00e9couvrez les tendances et valeurs qui red\u00e9finissent notre consommation\" \/>\n<meta property=\"og:description\" content=\"Explorez la mode \u00e9thique, ses tendances modernes et ses principes cl\u00e9s pour une consommation responsable et durable.\" \/>\n<meta property=\"og:url\" content=\"https:\/\/rolf-thalmann.de\/ro\/regard-sur-la-mode-ethique-quest-ce-qui-est-a-la-mode-aujourdhui\/\" \/>\n<meta property=\"og:site_name\" content=\"rolf-thalmann.de\" \/>\n<meta property=\"article:published_time\" content=\"2025-01-25T00:00:00+00:00\" \/>\n<meta property=\"article:modified_time\" content=\"2025-06-04T09:55:17+00:00\" \/>\n<meta property=\"og:image\" content=\"https:\/\/rolf-thalmann.de\/wp-content\/uploads\/2025\/01\/image2ff0eae2a0ac47e4826ca8a783b8b7ef.png\" \/>\n\t<meta property=\"og:image:width\" content=\"1024\" \/>\n\t<meta property=\"og:image:height\" content=\"768\" \/>\n\t<meta property=\"og:image:type\" content=\"image\/png\" \/>\n<meta name=\"author\" content=\"Sabine Schmitt\" \/>\n<meta name=\"twitter:card\" content=\"summary_large_image\" \/>\n<meta name=\"twitter:label1\" content=\"Scris de\" \/>\n\t<meta name=\"twitter:data1\" content=\"Sabine Schmitt\" \/>\n\t<meta name=\"twitter:label2\" content=\"Timp estimat pentru citire\" \/>\n\t<meta name=\"twitter:data2\" content=\"5 minute\" \/>\n<script type=\"application\/ld+json\" class=\"yoast-schema-graph\">{\"@context\":\"https:\/\/schema.org\",\"@graph\":[{\"@type\":\"WebPage\",\"@id\":\"https:\/\/rolf-thalmann.de\/regard-sur-la-mode-ethique-quest-ce-qui-est-a-la-mode-aujourdhui\/\",\"url\":\"https:\/\/rolf-thalmann.de\/regard-sur-la-mode-ethique-quest-ce-qui-est-a-la-mode-aujourdhui\/\",\"name\":\"Regard sur la mode \u00e9thique : D\u00e9couvrez les tendances et valeurs qui red\u00e9finissent notre consommation\",\"isPartOf\":{\"@id\":\"https:\/\/rolf-thalmann.de\/#website\"},\"primaryImageOfPage\":{\"@id\":\"https:\/\/rolf-thalmann.de\/regard-sur-la-mode-ethique-quest-ce-qui-est-a-la-mode-aujourdhui\/#primaryimage\"},\"image\":{\"@id\":\"https:\/\/rolf-thalmann.de\/regard-sur-la-mode-ethique-quest-ce-qui-est-a-la-mode-aujourdhui\/#primaryimage\"},\"thumbnailUrl\":\"https:\/\/rolf-thalmann.de\/wp-content\/uploads\/2025\/01\/image2ff0eae2a0ac47e4826ca8a783b8b7ef.png\",\"datePublished\":\"2025-01-25T00:00:00+00:00\",\"dateModified\":\"2025-06-04T09:55:17+00:00\",\"author\":{\"@id\":\"https:\/\/rolf-thalmann.de\/#\/schema\/person\/c621112a8ea36942ed5122d1cd18ef18\"},\"description\":\"Explorez la mode \u00e9thique, ses tendances modernes et ses principes cl\u00e9s pour une consommation responsable et durable.\",\"breadcrumb\":{\"@id\":\"https:\/\/rolf-thalmann.de\/regard-sur-la-mode-ethique-quest-ce-qui-est-a-la-mode-aujourdhui\/#breadcrumb\"},\"inLanguage\":\"ro-RO\",\"potentialAction\":[{\"@type\":\"ReadAction\",\"target\":[\"https:\/\/rolf-thalmann.de\/regard-sur-la-mode-ethique-quest-ce-qui-est-a-la-mode-aujourdhui\/\"]}]},{\"@type\":\"ImageObject\",\"inLanguage\":\"ro-RO\",\"@id\":\"https:\/\/rolf-thalmann.de\/regard-sur-la-mode-ethique-quest-ce-qui-est-a-la-mode-aujourdhui\/#primaryimage\",\"url\":\"https:\/\/rolf-thalmann.de\/wp-content\/uploads\/2025\/01\/image2ff0eae2a0ac47e4826ca8a783b8b7ef.png\",\"contentUrl\":\"https:\/\/rolf-thalmann.de\/wp-content\/uploads\/2025\/01\/image2ff0eae2a0ac47e4826ca8a783b8b7ef.png\",\"width\":1024,\"height\":768},{\"@type\":\"BreadcrumbList\",\"@id\":\"https:\/\/rolf-thalmann.de\/regard-sur-la-mode-ethique-quest-ce-qui-est-a-la-mode-aujourdhui\/#breadcrumb\",\"itemListElement\":[{\"@type\":\"ListItem\",\"position\":1,\"name\":\"Home\",\"item\":\"https:\/\/rolf-thalmann.de\/\"},{\"@type\":\"ListItem\",\"position\":2,\"name\":\"Regard sur la mode \u00e9thique: Qu&rsquo;est-ce qui est \u00e0 la mode aujourd&rsquo;hui?\"}]},{\"@type\":\"WebSite\",\"@id\":\"https:\/\/rolf-thalmann.de\/#website\",\"url\":\"https:\/\/rolf-thalmann.de\/\",\"name\":\"rolf-thalmann.de\",\"description\":\"Style Parfait: Suivez les tendances et adoptez un look intemporel\",\"potentialAction\":[{\"@type\":\"SearchAction\",\"target\":{\"@type\":\"EntryPoint\",\"urlTemplate\":\"https:\/\/rolf-thalmann.de\/?s={search_term_string}\"},\"query-input\":\"required name=search_term_string\"}],\"inLanguage\":\"ro-RO\"},{\"@type\":\"Person\",\"@id\":\"https:\/\/rolf-thalmann.de\/#\/schema\/person\/c621112a8ea36942ed5122d1cd18ef18\",\"name\":\"Sabine Schmitt\",\"image\":{\"@type\":\"ImageObject\",\"inLanguage\":\"ro-RO\",\"@id\":\"https:\/\/rolf-thalmann.de\/#\/schema\/person\/image\/\",\"url\":\"https:\/\/rolf-thalmann.de\/wp-content\/uploads\/2025\/02\/sabine-schmitt_avatar-96x96.jpg\",\"contentUrl\":\"https:\/\/rolf-thalmann.de\/wp-content\/uploads\/2025\/02\/sabine-schmitt_avatar-96x96.jpg\",\"caption\":\"Sabine Schmitt\"},\"description\":\"Je m'appelle Sabine Schmitt, passionn\u00e9e par la mode et l'art de r\u00e9v\u00e9ler chaque personnalit\u00e9 \u00e0 travers les v\u00eatements. Mon approche repose sur un \u00e9quilibre entre \u00e9l\u00e9gance, confort et audace, afin d'aider chacun \u00e0 cr\u00e9er un style unique et authentique.\",\"url\":\"https:\/\/rolf-thalmann.de\/ro\/author\/sabine-schmitt\/\"}]}<\/script>\n<!-- \/ Yoast SEO plugin. -->","yoast_head_json":{"title":"Regard sur la mode \u00e9thique : D\u00e9couvrez les tendances et valeurs qui red\u00e9finissent notre consommation","description":"Explorez la mode \u00e9thique, ses tendances modernes et ses principes cl\u00e9s pour une consommation responsable et durable.","robots":{"index":"index","follow":"follow","max-snippet":"max-snippet:-1","max-image-preview":"max-image-preview:large","max-video-preview":"max-video-preview:-1"},"canonical":"https:\/\/rolf-thalmann.de\/ro\/regard-sur-la-mode-ethique-quest-ce-qui-est-a-la-mode-aujourdhui\/","og_locale":"ro_RO","og_type":"article","og_title":"Regard sur la mode \u00e9thique : D\u00e9couvrez les tendances et valeurs qui red\u00e9finissent notre consommation","og_description":"Explorez la mode \u00e9thique, ses tendances modernes et ses principes cl\u00e9s pour une consommation responsable et durable.","og_url":"https:\/\/rolf-thalmann.de\/ro\/regard-sur-la-mode-ethique-quest-ce-qui-est-a-la-mode-aujourdhui\/","og_site_name":"rolf-thalmann.de","article_published_time":"2025-01-25T00:00:00+00:00","article_modified_time":"2025-06-04T09:55:17+00:00","og_image":[{"width":1024,"height":768,"url":"https:\/\/rolf-thalmann.de\/wp-content\/uploads\/2025\/01\/image2ff0eae2a0ac47e4826ca8a783b8b7ef.png","type":"image\/png"}],"author":"Sabine Schmitt","twitter_card":"summary_large_image","twitter_misc":{"Scris de":"Sabine Schmitt","Timp estimat pentru citire":"5 minute"},"schema":{"@context":"https:\/\/schema.org","@graph":[{"@type":"WebPage","@id":"https:\/\/rolf-thalmann.de\/regard-sur-la-mode-ethique-quest-ce-qui-est-a-la-mode-aujourdhui\/","url":"https:\/\/rolf-thalmann.de\/regard-sur-la-mode-ethique-quest-ce-qui-est-a-la-mode-aujourdhui\/","name":"Regard sur la mode \u00e9thique : D\u00e9couvrez les tendances et valeurs qui red\u00e9finissent notre consommation","isPartOf":{"@id":"https:\/\/rolf-thalmann.de\/#website"},"primaryImageOfPage":{"@id":"https:\/\/rolf-thalmann.de\/regard-sur-la-mode-ethique-quest-ce-qui-est-a-la-mode-aujourdhui\/#primaryimage"},"image":{"@id":"https:\/\/rolf-thalmann.de\/regard-sur-la-mode-ethique-quest-ce-qui-est-a-la-mode-aujourdhui\/#primaryimage"},"thumbnailUrl":"https:\/\/rolf-thalmann.de\/wp-content\/uploads\/2025\/01\/image2ff0eae2a0ac47e4826ca8a783b8b7ef.png","datePublished":"2025-01-25T00:00:00+00:00","dateModified":"2025-06-04T09:55:17+00:00","author":{"@id":"https:\/\/rolf-thalmann.de\/#\/schema\/person\/c621112a8ea36942ed5122d1cd18ef18"},"description":"Explorez la mode \u00e9thique, ses tendances modernes et ses principes cl\u00e9s pour une consommation responsable et durable.","breadcrumb":{"@id":"https:\/\/rolf-thalmann.de\/regard-sur-la-mode-ethique-quest-ce-qui-est-a-la-mode-aujourdhui\/#breadcrumb"},"inLanguage":"ro-RO","potentialAction":[{"@type":"ReadAction","target":["https:\/\/rolf-thalmann.de\/regard-sur-la-mode-ethique-quest-ce-qui-est-a-la-mode-aujourdhui\/"]}]},{"@type":"ImageObject","inLanguage":"ro-RO","@id":"https:\/\/rolf-thalmann.de\/regard-sur-la-mode-ethique-quest-ce-qui-est-a-la-mode-aujourdhui\/#primaryimage","url":"https:\/\/rolf-thalmann.de\/wp-content\/uploads\/2025\/01\/image2ff0eae2a0ac47e4826ca8a783b8b7ef.png","contentUrl":"https:\/\/rolf-thalmann.de\/wp-content\/uploads\/2025\/01\/image2ff0eae2a0ac47e4826ca8a783b8b7ef.png","width":1024,"height":768},{"@type":"BreadcrumbList","@id":"https:\/\/rolf-thalmann.de\/regard-sur-la-mode-ethique-quest-ce-qui-est-a-la-mode-aujourdhui\/#breadcrumb","itemListElement":[{"@type":"ListItem","position":1,"name":"Home","item":"https:\/\/rolf-thalmann.de\/"},{"@type":"ListItem","position":2,"name":"Regard sur la mode \u00e9thique: Qu&rsquo;est-ce qui est \u00e0 la mode aujourd&rsquo;hui?"}]},{"@type":"WebSite","@id":"https:\/\/rolf-thalmann.de\/#website","url":"https:\/\/rolf-thalmann.de\/","name":"rolf-thalmann.de","description":"Style Parfait: Suivez les tendances et adoptez un look intemporel","potentialAction":[{"@type":"SearchAction","target":{"@type":"EntryPoint","urlTemplate":"https:\/\/rolf-thalmann.de\/?s={search_term_string}"},"query-input":"required name=search_term_string"}],"inLanguage":"ro-RO"},{"@type":"Person","@id":"https:\/\/rolf-thalmann.de\/#\/schema\/person\/c621112a8ea36942ed5122d1cd18ef18","name":"Sabine Schmitt","image":{"@type":"ImageObject","inLanguage":"ro-RO","@id":"https:\/\/rolf-thalmann.de\/#\/schema\/person\/image\/","url":"https:\/\/rolf-thalmann.de\/wp-content\/uploads\/2025\/02\/sabine-schmitt_avatar-96x96.jpg","contentUrl":"https:\/\/rolf-thalmann.de\/wp-content\/uploads\/2025\/02\/sabine-schmitt_avatar-96x96.jpg","caption":"Sabine Schmitt"},"description":"Je m'appelle Sabine Schmitt, passionn\u00e9e par la mode et l'art de r\u00e9v\u00e9ler chaque personnalit\u00e9 \u00e0 travers les v\u00eatements. Mon approche repose sur un \u00e9quilibre entre \u00e9l\u00e9gance, confort et audace, afin d'aider chacun \u00e0 cr\u00e9er un style unique et authentique.","url":"https:\/\/rolf-thalmann.de\/ro\/author\/sabine-schmitt\/"}]}},"yoast_meta":{"yoast_wpseo_title":"","yoast_wpseo_metadesc":"","yoast_wpseo_canonical":"https:\/\/rolf-thalmann.de\/ro\/wp-json\/wp\/v2\/posts\/18"},"_links":{"self":[{"href":"https:\/\/rolf-thalmann.de\/ro\/wp-json\/wp\/v2\/posts\/18","targetHints":{"allow":["GET"]}}],"collection":[{"href":"https:\/\/rolf-thalmann.de\/ro\/wp-json\/wp\/v2\/posts"}],"about":[{"href":"https:\/\/rolf-thalmann.de\/ro\/wp-json\/wp\/v2\/types\/post"}],"author":[{"embeddable":true,"href":"https:\/\/rolf-thalmann.de\/ro\/wp-json\/wp\/v2\/users\/2"}],"replies":[{"embeddable":true,"href":"https:\/\/rolf-thalmann.de\/ro\/wp-json\/wp\/v2\/comments?post=18"}],"version-history":[{"count":3,"href":"https:\/\/rolf-thalmann.de\/ro\/wp-json\/wp\/v2\/posts\/18\/revisions"}],"predecessor-version":[{"id":222,"href":"https:\/\/rolf-thalmann.de\/ro\/wp-json\/wp\/v2\/posts\/18\/revisions\/222"}],"wp:featuredmedia":[{"embeddable":true,"href":"https:\/\/rolf-thalmann.de\/ro\/wp-json\/wp\/v2\/media\/6"}],"wp:attachment":[{"href":"https:\/\/rolf-thalmann.de\/ro\/wp-json\/wp\/v2\/media?parent=18"}],"wp:term":[{"taxonomy":"category","embeddable":true,"href":"https:\/\/rolf-thalmann.de\/ro\/wp-json\/wp\/v2\/categories?post=18"},{"taxonomy":"post_tag","embeddable":true,"href":"https:\/\/rolf-thalmann.de\/ro\/wp-json\/wp\/v2\/tags?post=18"}],"curies":[{"name":"wp","href":"https:\/\/api.w.org\/{rel}","templated":true}]}}