{"id":211,"date":"2025-04-10T00:00:00","date_gmt":"2025-04-09T23:00:00","guid":{"rendered":"https:\/\/rolf-thalmann.de\/?p=211"},"modified":"2025-04-10T00:00:00","modified_gmt":"2025-04-09T23:00:00","slug":"les-pochettes-a-franges-tendances-avec-une-robe-rose","status":"publish","type":"post","link":"https:\/\/rolf-thalmann.de\/ro\/les-pochettes-a-franges-tendances-avec-une-robe-rose\/","title":{"rendered":"Po\u0219ete cu franjuri: o tendin\u021b\u0103 cu o rochie roz"},"content":{"rendered":"<div class=\"kk-star-ratings kksr-auto kksr-align-left kksr-valign-top\"\n    data-payload='{&quot;align&quot;:&quot;left&quot;,&quot;id&quot;:&quot;211&quot;,&quot;slug&quot;:&quot;default&quot;,&quot;valign&quot;:&quot;top&quot;,&quot;ignore&quot;:&quot;&quot;,&quot;reference&quot;:&quot;auto&quot;,&quot;class&quot;:&quot;&quot;,&quot;count&quot;:&quot;0&quot;,&quot;legendonly&quot;:&quot;&quot;,&quot;readonly&quot;:&quot;&quot;,&quot;score&quot;:&quot;0&quot;,&quot;starsonly&quot;:&quot;&quot;,&quot;best&quot;:&quot;5&quot;,&quot;gap&quot;:&quot;5&quot;,&quot;greet&quot;:&quot;Rate this post&quot;,&quot;legend&quot;:&quot;0\\\/5 - (0 votes)&quot;,&quot;size&quot;:&quot;24&quot;,&quot;title&quot;:&quot;Les pochettes \u00e0 franges: tendances avec une robe rose&quot;,&quot;width&quot;:&quot;0&quot;,&quot;_legend&quot;:&quot;{score}\\\/{best} - ({count} {votes})&quot;,&quot;font_factor&quot;:&quot;1.25&quot;}'>\n            \n<div class=\"kksr-stars\">\n    \n<div class=\"kksr-stars-inactive\">\n            <div class=\"kksr-star\" data-star=\"1\" style=\"padding-right: 5px\">\n            \n\n<div class=\"kksr-icon\" style=\"width: 24px; height: 24px;\"><\/div>\n        <\/div>\n            <div class=\"kksr-star\" data-star=\"2\" style=\"padding-right: 5px\">\n            \n\n<div class=\"kksr-icon\" style=\"width: 24px; height: 24px;\"><\/div>\n        <\/div>\n            <div class=\"kksr-star\" data-star=\"3\" style=\"padding-right: 5px\">\n            \n\n<div class=\"kksr-icon\" style=\"width: 24px; height: 24px;\"><\/div>\n        <\/div>\n            <div class=\"kksr-star\" data-star=\"4\" style=\"padding-right: 5px\">\n            \n\n<div class=\"kksr-icon\" style=\"width: 24px; height: 24px;\"><\/div>\n        <\/div>\n            <div class=\"kksr-star\" data-star=\"5\" style=\"padding-right: 5px\">\n            \n\n<div class=\"kksr-icon\" style=\"width: 24px; height: 24px;\"><\/div>\n        <\/div>\n    <\/div>\n    \n<div class=\"kksr-stars-active\" style=\"width: 0px;\">\n            <div class=\"kksr-star\" style=\"padding-right: 5px\">\n            \n\n<div class=\"kksr-icon\" style=\"width: 24px; height: 24px;\"><\/div>\n        <\/div>\n            <div class=\"kksr-star\" style=\"padding-right: 5px\">\n            \n\n<div class=\"kksr-icon\" style=\"width: 24px; height: 24px;\"><\/div>\n        <\/div>\n            <div class=\"kksr-star\" style=\"padding-right: 5px\">\n            \n\n<div class=\"kksr-icon\" style=\"width: 24px; height: 24px;\"><\/div>\n        <\/div>\n            <div class=\"kksr-star\" style=\"padding-right: 5px\">\n            \n\n<div class=\"kksr-icon\" style=\"width: 24px; height: 24px;\"><\/div>\n        <\/div>\n            <div class=\"kksr-star\" style=\"padding-right: 5px\">\n            \n\n<div class=\"kksr-icon\" style=\"width: 24px; height: 24px;\"><\/div>\n        <\/div>\n    <\/div>\n<\/div>\n                \n\n<div class=\"kksr-legend\" style=\"font-size: 19.2px;\">\n            <span class=\"kksr-muted\">Evalueaz\u0103 aceast\u0103 postare<\/span>\n    <\/div>\n    <\/div>\n<p>Po\u0219etele cu franjuri, cu stilul lor dinamic \u0219i la mod\u0103, sunt un accesoriu care poate transforma orice \u021binut\u0103. Sunt adesea v\u0103zute ca un element esen\u021bial al modei, ad\u0103ug\u00e2nd o not\u0103 de caracter. \u00cempreun\u0103 cu o rochie roz, creeaz\u0103 o combina\u021bie seduc\u0103toare \u0219i proasp\u0103t\u0103. Departe de a se limita la look-uri plictisitoare, aceast\u0103 asociere reu\u0219it\u0103 evoc\u0103 o multitudine de posibilit\u0103\u021bi pentru pasionatele de mod\u0103. \u00cen acest articol, vom descoperi cum s\u0103 armoniz\u0103m aceste dou\u0103 elemente pentru un look impecabil. Fie c\u0103 te preg\u0103te\u0219ti pentru o ie\u0219ire casual sau o sear\u0103 formal\u0103, aceast\u0103 combina\u021bie ar putea deveni urm\u0103toarea ta obsesie \u00een materie de mod\u0103.<\/p>\n<h2>Ce este o geant\u0103 cu franjuri?<\/h2>\n<p><img decoding=\"async\" alt=\"Une robe rose \u00e9l\u00e9gante et un sac \u00e0 franges assorti sont pos\u00e9s sur une table en verre dans un int\u00e9rieur chic.\" src=\"https:\/\/rolf-thalmann.de\/wp-content\/uploads\/2025\/04\/image3506af82ce384fb5a9d7b7efafb2dd0c.png\"\/><\/p>\n<p>Po\u0219etele cu franjuri sunt de obicei gen\u021bi de m\u00e2n\u0103 f\u0103r\u0103 bretele, \u00eempodobite cu franjuri din piele sau material textil, care adaug\u0103 mi\u0219care aspectului. Unicitatea lor adaug\u0103 o dimensiune suplimentar\u0103 oric\u0103rei \u021binute. Stilurile variaz\u0103 foarte mult, de la modele elegante \u0219i rafinate la op\u021biuni mai casual \u0219i boeme. Aceast\u0103 diversitate permite o personalizare u\u0219oar\u0103, adapt\u00e2ndu-se la diferite ocazii \u0219i estetici. Pasiona\u021bii de mod\u0103 apreciaz\u0103 capacitatea lor de a transforma o \u021binut\u0103 obi\u0219nuit\u0103 \u00eentr-un stil \u00eendr\u0103zne\u021b. Drept urmare, au devenit un clasic \u00een lumea modei contemporane.<\/p>\n<table border=\"1\">\n<tr>\n<th>Stilul copertei<\/th>\n<th>Material<\/th>\n<th>Ocazie<\/th>\n<\/tr>\n<tr>\n<td>Elegant<\/td>\n<td>Piele<\/td>\n<td>Evenimente formale<\/td>\n<\/tr>\n<tr>\n<td>Casual<\/td>\n<td>P\u00e2nz\u0103<\/td>\n<td>Ie\u0219iri zilnice<\/td>\n<\/tr>\n<tr>\n<td>Boemia<\/td>\n<td>Piele de c\u0103prioar\u0103<\/td>\n<td>Festivaluri de var\u0103<\/td>\n<\/tr>\n<\/table>\n<h2>Cum s\u0103 asortezi o geant\u0103 cu franjuri cu o rochie roz?<\/h2>\n<p><img decoding=\"async\" alt=\"Deux femmes souriantes portent des robes roses, se promenant dans un parc verdoyant sous le soleil.\" src=\"https:\/\/rolf-thalmann.de\/wp-content\/uploads\/2025\/04\/imagea183517c8d434e3c990ebeaac3f03bf6.png\"\/><\/p>\n<p>Asortarea cu m\u0103iestrie a unei po\u0219ete cu franjuri cu o rochie roz necesit\u0103 pu\u021bin\u0103 fine\u021be. Iat\u0103 c\u00e2teva idei cheie care s\u0103 te ghideze:<\/p>\n<ul>\n<li><strong>Joac\u0103-te cu nuan\u021be<\/strong>\u00cen func\u021bie de nuan\u021ba rochiei tale, alege o po\u0219et\u0103 care creeaz\u0103 un contrast seduc\u0103tor.<\/li>\n<li><strong>Lua\u021bi \u00een considerare modelul \u0219i textura<\/strong>O rochie cu model se va asorta cel mai bine cu o geant\u0103 uni, \u00een timp ce o rochie uni se poate potrivi cu modele mai \u00eendr\u0103zne\u021be.<\/li>\n<li><strong>Armonizeaz\u0103 detaliile<\/strong>Asigur\u0103-te c\u0103 detaliile finale, cum ar fi \u00eencheierea nasturilor sau curelele, sunt compatibile \u00eentre rochie \u0219i geant\u0103.<\/li>\n<\/ul>\n<p>Un echilibru bun \u00eentre culori \u0219i texturi joac\u0103 un rol vital \u00een armonia \u021binutei tale. Mai mult, alegerea m\u0103rimii potrivite a gen\u021bii poate influen\u021ba \u00eentregul aspect. O geant\u0103 prea mic\u0103 ar putea diminua sofisticarea rochiei tale roz, \u00een timp ce una prea mare ar putea p\u0103rea neelegant\u0103. Pe scurt, importan\u021ba detaliilor nu poate fi subestimat\u0103. Aceasta include \u0219i materialul: o geant\u0103 din piele va ad\u0103uga instantaneu o not\u0103 elegant\u0103 rochiei tale roz.<\/p>\n<h2>Ocaziile perfecte pentru a purta o rochie roz cu clutch-uri cu franjuri<\/h2>\n<p>Versatilitatea acestei combina\u021bii se extinde la multe tipuri de evenimente. Iat\u0103 c\u00e2teva exemple \u00een care o rochie roz asortat\u0103 cu o geant\u0103 cu franjuri poate face o impresie puternic\u0103:<\/p>\n<ul>\n<li><strong>Evenimente formale<\/strong>Perfect pentru nun\u021bi \u0219i seri de gal\u0103.<\/li>\n<li><strong>Ie\u0219iri ocazionale<\/strong>Ideal pentru brunch-uri, cump\u0103r\u0103turi sau \u00eent\u00e2lniri cu prietenii.<\/li>\n<li><strong>Festivaluri de var\u0103<\/strong>Clutch-ul cu franjuri adaug\u0103 mi\u0219care \u0219i lejeritate \u021binutei tale.<\/li>\n<\/ul>\n<p>Fiecare dintre aceste ocazii ofer\u0103 oportunitatea de a str\u0103luci cu stil, demonstr\u00e2ndu-\u021bi \u00een acela\u0219i timp sim\u021bul modei. Indiferent dac\u0103 optezi pentru o rochie simpl\u0103 sau una cu ornamente, po\u0219etele cu franjuri pot spori cu adev\u0103rat frumuse\u021bea \u021binutei tale. \u00cen plus, juc\u00e2ndu-te cu diferite texturi \u0219i culori, \u00ee\u021bi po\u021bi re\u00eemprosp\u0103ta \u00eentotdeauna stilul, r\u0103m\u00e2n\u00e2nd fidel\u0103 acestei combina\u021bii c\u00e2\u0219tig\u0103toare.<\/p>\n<h2>Concluzie<\/h2>\n<p>Po\u0219etele cu franjuri, deschise la sute de posibilit\u0103\u021bi, pot transforma o rochie roz dintr-o simpl\u0103 pies\u0103 \u00eentr-o oper\u0103 de art\u0103 a modei. Juc\u00e2ndu-te cu nuan\u021be \u0219i modele \u0219i aleg\u00e2nd ocazia potrivit\u0103, po\u021bi crea cu u\u0219urin\u021b\u0103 look-uri care sunt at\u00e2t \u0219ic, c\u00e2t \u0219i contemporane. Este esen\u021bial s\u0103 iei \u00een considerare fiecare element pentru a te asigura c\u0103 \u021binuta ta este armonioas\u0103 \u0219i la mod\u0103. Fie c\u0103 este vorba de o ie\u0219ire casual sau de un eveniment, o po\u0219et\u0103 cu franjuri bine aleas\u0103 poate completa rochia \u0219i te poate face s\u0103 ie\u0219i \u00een eviden\u021b\u0103. Pe scurt, nu te teme s\u0103 experimentezi \u0219i s\u0103-\u021bi p\u0103strezi stilul \u00eendr\u0103zne\u021b cu aceste piese la mod\u0103.<\/p>\n<h2>\u00centreb\u0103ri frecvente<\/h2>\n<ul>\n<li><strong>Ce tipuri de gen\u021bi cu franjuri se potrivesc cel mai bine cu o rochie roz?<\/strong>\n<ul>\n<li>Clutch-uri simple din piele pentru un aspect formal.<\/li>\n<li>Clutch-uri colorate pentru stiluri casual.<\/li>\n<\/ul>\n<\/li>\n<li><strong>Po\u021bi purta o rochie roz cu o geant\u0103 cu franjuri la o petrecere?<\/strong>\n<ul>\n<li>Absolut, este o combina\u021bie elegant\u0103 \u0219i la mod\u0103 pentru o sear\u0103 \u00een ora\u0219.<\/li>\n<\/ul>\n<\/li>\n<li><strong>Franjurile sunt \u00eenc\u0103 la mod\u0103 cu rochiile?<\/strong>\n<ul>\n<li>Da, franjurile r\u0103m\u00e2n o declara\u021bie de mod\u0103 popular\u0103 care adaug\u0103 mi\u0219care \u0219i o not\u0103 de stil.<\/li>\n<\/ul>\n<\/li>\n<li><strong>Cum s\u0103 \u00eentre\u021bii o geant\u0103 cu franjuri?<\/strong>\n<ul>\n<li>Evita\u021bi expunerea prelungit\u0103 la ap\u0103.<\/li>\n<li>Cur\u0103\u021ba\u021bi-l cu o c\u00e2rp\u0103 moale.<\/li>\n<li>A se p\u0103stra \u00eentr-un loc uscat.<\/li>\n<\/ul>\n<\/li>\n<\/ul>","protected":false},"excerpt":{"rendered":"<p>Clutch-urile cu franjuri, cu stilul lor dinamic \u0219i modern, sunt un accesoriu care poate transforma orice \u021binut\u0103. Adesea,<\/p>","protected":false},"author":1,"featured_media":196,"comment_status":"closed","ping_status":"closed","sticky":false,"template":"","format":"standard","meta":{"_acf_changed":false,"footnotes":""},"categories":[1],"tags":[],"class_list":["post-211","post","type-post","status-publish","format-standard","has-post-thumbnail","hentry","category-blog"],"acf":[],"yoast_head":"<!-- This site is optimized with the Yoast SEO plugin v23.2 - https:\/\/yoast.com\/wordpress\/plugins\/seo\/ -->\n<title>Les pochettes \u00e0 franges : Comment les associer \u00e0 une robe rose pour un look tendance<\/title>\n<meta name=\"description\" content=\"D\u00e9couvrez comment marier les pochettes \u00e0 franges avec une robe rose pour un style chic et audacieux, adapt\u00e9 \u00e0 toutes les occasions.\" \/>\n<meta name=\"robots\" content=\"index, follow, max-snippet:-1, max-image-preview:large, max-video-preview:-1\" \/>\n<link rel=\"canonical\" href=\"https:\/\/rolf-thalmann.de\/ro\/les-pochettes-a-franges-tendances-avec-une-robe-rose\/\" \/>\n<meta property=\"og:locale\" content=\"ro_RO\" \/>\n<meta property=\"og:type\" content=\"article\" \/>\n<meta property=\"og:title\" content=\"Les pochettes \u00e0 franges : Comment les associer \u00e0 une robe rose pour un look tendance\" \/>\n<meta property=\"og:description\" content=\"D\u00e9couvrez comment marier les pochettes \u00e0 franges avec une robe rose pour un style chic et audacieux, adapt\u00e9 \u00e0 toutes les occasions.\" \/>\n<meta property=\"og:url\" content=\"https:\/\/rolf-thalmann.de\/ro\/les-pochettes-a-franges-tendances-avec-une-robe-rose\/\" \/>\n<meta property=\"og:site_name\" content=\"rolf-thalmann.de\" \/>\n<meta property=\"article:published_time\" content=\"2025-04-09T23:00:00+00:00\" \/>\n<meta property=\"og:image\" content=\"https:\/\/rolf-thalmann.de\/wp-content\/uploads\/2025\/04\/imaged49c022e61254c20ac75135bc0b724bc.png\" \/>\n\t<meta property=\"og:image:width\" content=\"1024\" \/>\n\t<meta property=\"og:image:height\" content=\"768\" \/>\n\t<meta property=\"og:image:type\" content=\"image\/png\" \/>\n<meta name=\"author\" content=\"Mathieu Renault\" \/>\n<meta name=\"twitter:card\" content=\"summary_large_image\" \/>\n<meta name=\"twitter:label1\" content=\"Scris de\" \/>\n\t<meta name=\"twitter:data1\" content=\"Mathieu Renault\" \/>\n\t<meta name=\"twitter:label2\" content=\"Timp estimat pentru citire\" \/>\n\t<meta name=\"twitter:data2\" content=\"4 minute\" \/>\n<script type=\"application\/ld+json\" class=\"yoast-schema-graph\">{\"@context\":\"https:\/\/schema.org\",\"@graph\":[{\"@type\":\"WebPage\",\"@id\":\"https:\/\/rolf-thalmann.de\/les-pochettes-a-franges-tendances-avec-une-robe-rose\/\",\"url\":\"https:\/\/rolf-thalmann.de\/les-pochettes-a-franges-tendances-avec-une-robe-rose\/\",\"name\":\"Les pochettes \u00e0 franges : Comment les associer \u00e0 une robe rose pour un look tendance\",\"isPartOf\":{\"@id\":\"https:\/\/rolf-thalmann.de\/#website\"},\"primaryImageOfPage\":{\"@id\":\"https:\/\/rolf-thalmann.de\/les-pochettes-a-franges-tendances-avec-une-robe-rose\/#primaryimage\"},\"image\":{\"@id\":\"https:\/\/rolf-thalmann.de\/les-pochettes-a-franges-tendances-avec-une-robe-rose\/#primaryimage\"},\"thumbnailUrl\":\"https:\/\/rolf-thalmann.de\/wp-content\/uploads\/2025\/04\/imaged49c022e61254c20ac75135bc0b724bc.png\",\"datePublished\":\"2025-04-09T23:00:00+00:00\",\"dateModified\":\"2025-04-09T23:00:00+00:00\",\"author\":{\"@id\":\"https:\/\/rolf-thalmann.de\/#\/schema\/person\/4c97673b9be8bd97c46804b57fd0719d\"},\"description\":\"D\u00e9couvrez comment marier les pochettes \u00e0 franges avec une robe rose pour un style chic et audacieux, adapt\u00e9 \u00e0 toutes les occasions.\",\"breadcrumb\":{\"@id\":\"https:\/\/rolf-thalmann.de\/les-pochettes-a-franges-tendances-avec-une-robe-rose\/#breadcrumb\"},\"inLanguage\":\"ro-RO\",\"potentialAction\":[{\"@type\":\"ReadAction\",\"target\":[\"https:\/\/rolf-thalmann.de\/les-pochettes-a-franges-tendances-avec-une-robe-rose\/\"]}]},{\"@type\":\"ImageObject\",\"inLanguage\":\"ro-RO\",\"@id\":\"https:\/\/rolf-thalmann.de\/les-pochettes-a-franges-tendances-avec-une-robe-rose\/#primaryimage\",\"url\":\"https:\/\/rolf-thalmann.de\/wp-content\/uploads\/2025\/04\/imaged49c022e61254c20ac75135bc0b724bc.png\",\"contentUrl\":\"https:\/\/rolf-thalmann.de\/wp-content\/uploads\/2025\/04\/imaged49c022e61254c20ac75135bc0b724bc.png\",\"width\":1024,\"height\":768},{\"@type\":\"BreadcrumbList\",\"@id\":\"https:\/\/rolf-thalmann.de\/les-pochettes-a-franges-tendances-avec-une-robe-rose\/#breadcrumb\",\"itemListElement\":[{\"@type\":\"ListItem\",\"position\":1,\"name\":\"Home\",\"item\":\"https:\/\/rolf-thalmann.de\/\"},{\"@type\":\"ListItem\",\"position\":2,\"name\":\"Les pochettes \u00e0 franges: tendances avec une robe rose\"}]},{\"@type\":\"WebSite\",\"@id\":\"https:\/\/rolf-thalmann.de\/#website\",\"url\":\"https:\/\/rolf-thalmann.de\/\",\"name\":\"rolf-thalmann.de\",\"description\":\"Style Parfait: Suivez les tendances et adoptez un look intemporel\",\"potentialAction\":[{\"@type\":\"SearchAction\",\"target\":{\"@type\":\"EntryPoint\",\"urlTemplate\":\"https:\/\/rolf-thalmann.de\/?s={search_term_string}\"},\"query-input\":\"required name=search_term_string\"}],\"inLanguage\":\"ro-RO\"},{\"@type\":\"Person\",\"@id\":\"https:\/\/rolf-thalmann.de\/#\/schema\/person\/4c97673b9be8bd97c46804b57fd0719d\",\"name\":\"Mathieu Renault\",\"image\":{\"@type\":\"ImageObject\",\"inLanguage\":\"ro-RO\",\"@id\":\"https:\/\/rolf-thalmann.de\/#\/schema\/person\/image\/\",\"url\":\"https:\/\/rolf-thalmann.de\/wp-content\/uploads\/2025\/02\/hcswdvpntj8_ad_avatar-96x96.jpg\",\"contentUrl\":\"https:\/\/rolf-thalmann.de\/wp-content\/uploads\/2025\/02\/hcswdvpntj8_ad_avatar-96x96.jpg\",\"caption\":\"Mathieu Renault\"},\"description\":\"Je m'appelle Mathieu Renault, passionn\u00e9 par la mode. Pour moi, le style ne se limite pas aux tendances mais repose sur une s\u00e9lection r\u00e9fl\u00e9chie de pi\u00e8ces intemporelles et de qualit\u00e9. Mon objectif est d'aider chacun \u00e0 d\u00e9velopper un vestiaire \u00e9l\u00e9gant et durable.\",\"url\":\"https:\/\/rolf-thalmann.de\/ro\/author\/mathieu-renault\/\"}]}<\/script>\n<!-- \/ Yoast SEO plugin. -->","yoast_head_json":{"title":"Les pochettes \u00e0 franges : Comment les associer \u00e0 une robe rose pour un look tendance","description":"D\u00e9couvrez comment marier les pochettes \u00e0 franges avec une robe rose pour un style chic et audacieux, adapt\u00e9 \u00e0 toutes les occasions.","robots":{"index":"index","follow":"follow","max-snippet":"max-snippet:-1","max-image-preview":"max-image-preview:large","max-video-preview":"max-video-preview:-1"},"canonical":"https:\/\/rolf-thalmann.de\/ro\/les-pochettes-a-franges-tendances-avec-une-robe-rose\/","og_locale":"ro_RO","og_type":"article","og_title":"Les pochettes \u00e0 franges : Comment les associer \u00e0 une robe rose pour un look tendance","og_description":"D\u00e9couvrez comment marier les pochettes \u00e0 franges avec une robe rose pour un style chic et audacieux, adapt\u00e9 \u00e0 toutes les occasions.","og_url":"https:\/\/rolf-thalmann.de\/ro\/les-pochettes-a-franges-tendances-avec-une-robe-rose\/","og_site_name":"rolf-thalmann.de","article_published_time":"2025-04-09T23:00:00+00:00","og_image":[{"width":1024,"height":768,"url":"https:\/\/rolf-thalmann.de\/wp-content\/uploads\/2025\/04\/imaged49c022e61254c20ac75135bc0b724bc.png","type":"image\/png"}],"author":"Mathieu Renault","twitter_card":"summary_large_image","twitter_misc":{"Scris de":"Mathieu Renault","Timp estimat pentru citire":"4 minute"},"schema":{"@context":"https:\/\/schema.org","@graph":[{"@type":"WebPage","@id":"https:\/\/rolf-thalmann.de\/les-pochettes-a-franges-tendances-avec-une-robe-rose\/","url":"https:\/\/rolf-thalmann.de\/les-pochettes-a-franges-tendances-avec-une-robe-rose\/","name":"Les pochettes \u00e0 franges : Comment les associer \u00e0 une robe rose pour un look tendance","isPartOf":{"@id":"https:\/\/rolf-thalmann.de\/#website"},"primaryImageOfPage":{"@id":"https:\/\/rolf-thalmann.de\/les-pochettes-a-franges-tendances-avec-une-robe-rose\/#primaryimage"},"image":{"@id":"https:\/\/rolf-thalmann.de\/les-pochettes-a-franges-tendances-avec-une-robe-rose\/#primaryimage"},"thumbnailUrl":"https:\/\/rolf-thalmann.de\/wp-content\/uploads\/2025\/04\/imaged49c022e61254c20ac75135bc0b724bc.png","datePublished":"2025-04-09T23:00:00+00:00","dateModified":"2025-04-09T23:00:00+00:00","author":{"@id":"https:\/\/rolf-thalmann.de\/#\/schema\/person\/4c97673b9be8bd97c46804b57fd0719d"},"description":"D\u00e9couvrez comment marier les pochettes \u00e0 franges avec une robe rose pour un style chic et audacieux, adapt\u00e9 \u00e0 toutes les occasions.","breadcrumb":{"@id":"https:\/\/rolf-thalmann.de\/les-pochettes-a-franges-tendances-avec-une-robe-rose\/#breadcrumb"},"inLanguage":"ro-RO","potentialAction":[{"@type":"ReadAction","target":["https:\/\/rolf-thalmann.de\/les-pochettes-a-franges-tendances-avec-une-robe-rose\/"]}]},{"@type":"ImageObject","inLanguage":"ro-RO","@id":"https:\/\/rolf-thalmann.de\/les-pochettes-a-franges-tendances-avec-une-robe-rose\/#primaryimage","url":"https:\/\/rolf-thalmann.de\/wp-content\/uploads\/2025\/04\/imaged49c022e61254c20ac75135bc0b724bc.png","contentUrl":"https:\/\/rolf-thalmann.de\/wp-content\/uploads\/2025\/04\/imaged49c022e61254c20ac75135bc0b724bc.png","width":1024,"height":768},{"@type":"BreadcrumbList","@id":"https:\/\/rolf-thalmann.de\/les-pochettes-a-franges-tendances-avec-une-robe-rose\/#breadcrumb","itemListElement":[{"@type":"ListItem","position":1,"name":"Home","item":"https:\/\/rolf-thalmann.de\/"},{"@type":"ListItem","position":2,"name":"Les pochettes \u00e0 franges: tendances avec une robe rose"}]},{"@type":"WebSite","@id":"https:\/\/rolf-thalmann.de\/#website","url":"https:\/\/rolf-thalmann.de\/","name":"rolf-thalmann.de","description":"Style Parfait: Suivez les tendances et adoptez un look intemporel","potentialAction":[{"@type":"SearchAction","target":{"@type":"EntryPoint","urlTemplate":"https:\/\/rolf-thalmann.de\/?s={search_term_string}"},"query-input":"required name=search_term_string"}],"inLanguage":"ro-RO"},{"@type":"Person","@id":"https:\/\/rolf-thalmann.de\/#\/schema\/person\/4c97673b9be8bd97c46804b57fd0719d","name":"Mathieu Renault","image":{"@type":"ImageObject","inLanguage":"ro-RO","@id":"https:\/\/rolf-thalmann.de\/#\/schema\/person\/image\/","url":"https:\/\/rolf-thalmann.de\/wp-content\/uploads\/2025\/02\/hcswdvpntj8_ad_avatar-96x96.jpg","contentUrl":"https:\/\/rolf-thalmann.de\/wp-content\/uploads\/2025\/02\/hcswdvpntj8_ad_avatar-96x96.jpg","caption":"Mathieu Renault"},"description":"Je m'appelle Mathieu Renault, passionn\u00e9 par la mode. Pour moi, le style ne se limite pas aux tendances mais repose sur une s\u00e9lection r\u00e9fl\u00e9chie de pi\u00e8ces intemporelles et de qualit\u00e9. Mon objectif est d'aider chacun \u00e0 d\u00e9velopper un vestiaire \u00e9l\u00e9gant et durable.","url":"https:\/\/rolf-thalmann.de\/ro\/author\/mathieu-renault\/"}]}},"yoast_meta":{"yoast_wpseo_title":"","yoast_wpseo_metadesc":"","yoast_wpseo_canonical":"https:\/\/rolf-thalmann.de\/ro\/wp-json\/wp\/v2\/posts\/211"},"_links":{"self":[{"href":"https:\/\/rolf-thalmann.de\/ro\/wp-json\/wp\/v2\/posts\/211","targetHints":{"allow":["GET"]}}],"collection":[{"href":"https:\/\/rolf-thalmann.de\/ro\/wp-json\/wp\/v2\/posts"}],"about":[{"href":"https:\/\/rolf-thalmann.de\/ro\/wp-json\/wp\/v2\/types\/post"}],"author":[{"embeddable":true,"href":"https:\/\/rolf-thalmann.de\/ro\/wp-json\/wp\/v2\/users\/1"}],"replies":[{"embeddable":true,"href":"https:\/\/rolf-thalmann.de\/ro\/wp-json\/wp\/v2\/comments?post=211"}],"version-history":[{"count":1,"href":"https:\/\/rolf-thalmann.de\/ro\/wp-json\/wp\/v2\/posts\/211\/revisions"}],"predecessor-version":[{"id":212,"href":"https:\/\/rolf-thalmann.de\/ro\/wp-json\/wp\/v2\/posts\/211\/revisions\/212"}],"wp:featuredmedia":[{"embeddable":true,"href":"https:\/\/rolf-thalmann.de\/ro\/wp-json\/wp\/v2\/media\/196"}],"wp:attachment":[{"href":"https:\/\/rolf-thalmann.de\/ro\/wp-json\/wp\/v2\/media?parent=211"}],"wp:term":[{"taxonomy":"category","embeddable":true,"href":"https:\/\/rolf-thalmann.de\/ro\/wp-json\/wp\/v2\/categories?post=211"},{"taxonomy":"post_tag","embeddable":true,"href":"https:\/\/rolf-thalmann.de\/ro\/wp-json\/wp\/v2\/tags?post=211"}],"curies":[{"name":"wp","href":"https:\/\/api.w.org\/{rel}","templated":true}]}}